{"id":243,"date":"2009-01-17T02:01:40","date_gmt":"2009-01-17T02:01:40","guid":{"rendered":"https:\/\/ea.ess-edu.pt\/?p=243"},"modified":"2024-07-07T12:10:58","modified_gmt":"2024-07-07T11:10:58","slug":"os-reis","status":"publish","type":"post","link":"https:\/\/ea.ess-edu.pt\/?p=243","title":{"rendered":"Os Reis"},"content":{"rendered":"<p><a href=\"https:\/\/ea.ess-edu.pt\/wp-content\/uploads\/2009\/01\/452a.jpg\"><img decoding=\"async\" class=\"alignright wp-image-244 size-medium lazyload\" data-src=\"https:\/\/ea.ess-edu.pt\/wp-content\/uploads\/2009\/01\/452a-300x225.jpg\" alt=\"\" width=\"300\" height=\"225\" data-srcset=\"https:\/\/ea.ess-edu.pt\/wp-content\/uploads\/2009\/01\/452a-300x225.jpg 300w, https:\/\/ea.ess-edu.pt\/wp-content\/uploads\/2009\/01\/452a.jpg 1024w\" data-sizes=\"(max-width: 300px) 100vw, 300px\" src=\"data:image\/svg+xml;base64,PHN2ZyB3aWR0aD0iMSIgaGVpZ2h0PSIxIiB4bWxucz0iaHR0cDovL3d3dy53My5vcmcvMjAwMC9zdmciPjwvc3ZnPg==\" style=\"--smush-placeholder-width: 300px; --smush-placeholder-aspect-ratio: 300\/225;\" \/><\/a>No dia 6 de janeiro fomos cantar os reis.<\/p>\n<p>Logo de manh\u00e3 come\u00e7\u00e1mos a afinar a garganta. Depois do lanche l\u00e1 fomos todos juntos&nbsp;cantar os reis pela aldeia toda. Em todos&nbsp;as casas&nbsp;fomos sempre bem recebidos.<\/p>\n<p>Tamb\u00e9m cant\u00e1vamos os reis a quem passava de carro.<\/p>\n<p>O sr. Presidente da Junta tamb\u00e9m parou para n\u00f3s cantarmos.<\/p>\n<p style=\"text-align: center;\">&nbsp;<\/p>\n<p><a href=\"https:\/\/ea.ess-edu.pt\/wp-content\/uploads\/2009\/01\/464a.jpg\"><img decoding=\"async\" class=\"alignright wp-image-245 size-medium lazyload\" data-src=\"https:\/\/ea.ess-edu.pt\/wp-content\/uploads\/2009\/01\/464a-300x225.jpg\" alt=\"\" width=\"300\" height=\"225\" data-srcset=\"https:\/\/ea.ess-edu.pt\/wp-content\/uploads\/2009\/01\/464a-300x225.jpg 300w, https:\/\/ea.ess-edu.pt\/wp-content\/uploads\/2009\/01\/464a.jpg 1024w\" data-sizes=\"(max-width: 300px) 100vw, 300px\" src=\"data:image\/svg+xml;base64,PHN2ZyB3aWR0aD0iMSIgaGVpZ2h0PSIxIiB4bWxucz0iaHR0cDovL3d3dy53My5vcmcvMjAwMC9zdmciPjwvc3ZnPg==\" style=\"--smush-placeholder-width: 300px; --smush-placeholder-aspect-ratio: 300\/225;\" \/><\/a>Quando vimos o sr. Carteiro fomos ter com ele e cant\u00e1mos.<\/p>\n<p>No&nbsp;dia 7, ter\u00e7a-feira,&nbsp;continu\u00e1mos o cantar dos reis desta vez nas aldeias de Meijinhos e Melc\u00f5es de onde s\u00e3o oriundos alguns colegas nossos.&nbsp;<\/p>\n<p>Lev\u00e1mos instrumentos musicais para ajudar a m\u00fasica.<\/p>\n<p>Os meninos do jardim levavam umas capas azuis e umas coroas com muitos brilhantes.<\/p>\n<p>Foram dois dias muito divertidos para n\u00f3s e para as professoras.<\/p>\n<p><em>JI-EB1 da Galv\u00e3<\/em><\/p>\n","protected":false},"excerpt":{"rendered":"<p>No dia 6 de janeiro fomos cantar os reis. Logo de manh\u00e3 come\u00e7\u00e1mos a afinar a garganta. Depois do lanche l\u00e1 fomos todos juntos&nbsp;cantar os reis pela aldeia toda. Em todos&nbsp;as casas&nbsp;fomos sempre bem recebidos. Tamb\u00e9m cant\u00e1vamos os reis a quem passava de carro. O sr. Presidente da Junta tamb\u00e9m parou para n\u00f3s cantarmos. &nbsp; [&hellip;]<\/p>\n","protected":false},"author":1,"featured_media":244,"comment_status":"open","ping_status":"closed","sticky":false,"template":"","format":"standard","meta":{"ngg_post_thumbnail":0,"ocean_post_layout":"","ocean_both_sidebars_style":"","ocean_both_sidebars_content_width":0,"ocean_both_sidebars_sidebars_width":0,"ocean_sidebar":"","ocean_second_sidebar":"","ocean_disable_margins":"enable","ocean_add_body_class":"","ocean_shortcode_before_top_bar":"","ocean_shortcode_after_top_bar":"","ocean_shortcode_before_header":"","ocean_shortcode_after_header":"","ocean_has_shortcode":"","ocean_shortcode_after_title":"","ocean_shortcode_before_footer_widgets":"","ocean_shortcode_after_footer_widgets":"","ocean_shortcode_before_footer_bottom":"","ocean_shortcode_after_footer_bottom":"","ocean_display_top_bar":"default","ocean_display_header":"default","ocean_header_style":"","ocean_center_header_left_menu":"","ocean_custom_header_template":"","ocean_custom_logo":0,"ocean_custom_retina_logo":0,"ocean_custom_logo_max_width":0,"ocean_custom_logo_tablet_max_width":0,"ocean_custom_logo_mobile_max_width":0,"ocean_custom_logo_max_height":0,"ocean_custom_logo_tablet_max_height":0,"ocean_custom_logo_mobile_max_height":0,"ocean_header_custom_menu":"","ocean_menu_typo_font_family":"","ocean_menu_typo_font_subset":"","ocean_menu_typo_font_size":0,"ocean_menu_typo_font_size_tablet":0,"ocean_menu_typo_font_size_mobile":0,"ocean_menu_typo_font_size_unit":"px","ocean_menu_typo_font_weight":"","ocean_menu_typo_font_weight_tablet":"","ocean_menu_typo_font_weight_mobile":"","ocean_menu_typo_transform":"","ocean_menu_typo_transform_tablet":"","ocean_menu_typo_transform_mobile":"","ocean_menu_typo_line_height":0,"ocean_menu_typo_line_height_tablet":0,"ocean_menu_typo_line_height_mobile":0,"ocean_menu_typo_line_height_unit":"","ocean_menu_typo_spacing":0,"ocean_menu_typo_spacing_tablet":0,"ocean_menu_typo_spacing_mobile":0,"ocean_menu_typo_spacing_unit":"","ocean_menu_link_color":"","ocean_menu_link_color_hover":"","ocean_menu_link_color_active":"","ocean_menu_link_background":"","ocean_menu_link_hover_background":"","ocean_menu_link_active_background":"","ocean_menu_social_links_bg":"","ocean_menu_social_hover_links_bg":"","ocean_menu_social_links_color":"","ocean_menu_social_hover_links_color":"","ocean_disable_title":"default","ocean_disable_heading":"default","ocean_post_title":"","ocean_post_subheading":"","ocean_post_title_style":"","ocean_post_title_background_color":"","ocean_post_title_background":0,"ocean_post_title_bg_image_position":"","ocean_post_title_bg_image_attachment":"","ocean_post_title_bg_image_repeat":"","ocean_post_title_bg_image_size":"","ocean_post_title_height":0,"ocean_post_title_bg_overlay":0.5,"ocean_post_title_bg_overlay_color":"","ocean_disable_breadcrumbs":"default","ocean_breadcrumbs_color":"","ocean_breadcrumbs_separator_color":"","ocean_breadcrumbs_links_color":"","ocean_breadcrumbs_links_hover_color":"","ocean_display_footer_widgets":"default","ocean_display_footer_bottom":"default","ocean_custom_footer_template":"","ocean_post_oembed":"","ocean_post_self_hosted_media":"","ocean_post_video_embed":"","ocean_link_format":"","ocean_link_format_target":"self","ocean_quote_format":"","ocean_quote_format_link":"post","ocean_gallery_link_images":"on","ocean_gallery_id":[],"footnotes":""},"categories":[17],"tags":[49,167],"class_list":["post-243","post","type-post","status-publish","format-standard","has-post-thumbnail","hentry","category-mais-pequenos","tag-1-o-ciclo","tag-jardim-de-infancia","entry","has-media"],"jetpack_featured_media_url":"https:\/\/ea.ess-edu.pt\/wp-content\/uploads\/2009\/01\/452a.jpg","_links":{"self":[{"href":"https:\/\/ea.ess-edu.pt\/index.php?rest_route=\/wp\/v2\/posts\/243","targetHints":{"allow":["GET"]}}],"collection":[{"href":"https:\/\/ea.ess-edu.pt\/index.php?rest_route=\/wp\/v2\/posts"}],"about":[{"href":"https:\/\/ea.ess-edu.pt\/index.php?rest_route=\/wp\/v2\/types\/post"}],"author":[{"embeddable":true,"href":"https:\/\/ea.ess-edu.pt\/index.php?rest_route=\/wp\/v2\/users\/1"}],"replies":[{"embeddable":true,"href":"https:\/\/ea.ess-edu.pt\/index.php?rest_route=%2Fwp%2Fv2%2Fcomments&post=243"}],"version-history":[{"count":6,"href":"https:\/\/ea.ess-edu.pt\/index.php?rest_route=\/wp\/v2\/posts\/243\/revisions"}],"predecessor-version":[{"id":4510,"href":"https:\/\/ea.ess-edu.pt\/index.php?rest_route=\/wp\/v2\/posts\/243\/revisions\/4510"}],"wp:featuredmedia":[{"embeddable":true,"href":"https:\/\/ea.ess-edu.pt\/index.php?rest_route=\/wp\/v2\/media\/244"}],"wp:attachment":[{"href":"https:\/\/ea.ess-edu.pt\/index.php?rest_route=%2Fwp%2Fv2%2Fmedia&parent=243"}],"wp:term":[{"taxonomy":"category","embeddable":true,"href":"https:\/\/ea.ess-edu.pt\/index.php?rest_route=%2Fwp%2Fv2%2Fcategories&post=243"},{"taxonomy":"post_tag","embeddable":true,"href":"https:\/\/ea.ess-edu.pt\/index.php?rest_route=%2Fwp%2Fv2%2Ftags&post=243"}],"curies":[{"name":"wp","href":"https:\/\/api.w.org\/{rel}","templated":true}]}}