{"id":303,"date":"2009-03-13T17:48:13","date_gmt":"2009-03-13T17:48:13","guid":{"rendered":"https:\/\/ea.ess-edu.pt\/?p=303"},"modified":"2024-07-07T12:08:59","modified_gmt":"2024-07-07T11:08:59","slug":"o-carnaval-na-nossa-escola","status":"publish","type":"post","link":"https:\/\/ea.ess-edu.pt\/?p=303","title":{"rendered":"O Carnaval na nossa escola"},"content":{"rendered":"<p>Na Sexta-feira, dia 20 de Fevereiro, foi o Carnaval na nossa escola.<\/p>\n<p>Fizemos um desfile pelas ruas de Britiande mascarados de: princesas, ciganas, palha\u00e7os, espanholitas, super-homens, pol\u00edcias, fantasmas, Branca de Neve, etc. Estas personagens foram baseadas nos livros de hist\u00f3rias que andamos a ler.<\/p>\n<p>Durante o desfile toc\u00e1mos v\u00e1rios instrumentos musicais, atir\u00e1mos fitas e serpentinas e cant\u00e1mos as seguintes can\u00e7\u00f5es:<\/p>\n<p><span style=\"font-size: 11pt; font-family: 'Times New Roman'; mso-fareast-font-family: 'Times New Roman'; mso-fareast-language: PT; mso-ansi-language: PT; mso-bidi-language: AR-SA;\"><span style=\"font-size: small;\">\u00c9 Carnaval<br \/>\n<\/span><\/span><span style=\"font-size: small;\">\u00c9 Carnaval<br \/>\n<\/span><span style=\"font-size: small;\">\u00c9 Carnaval<br \/>\n<\/span><span style=\"font-size: small;\">\u00c9 Carnaval ningu\u00e9m leva a mal<\/span><\/p>\n<p><span style=\"font-size: small;\"><img decoding=\"async\" class=\"alignright size-full wp-image-310 lazyload\" data-src=\"https:\/\/ea.ess-edu.pt\/wp-content\/uploads\/2009\/03\/entrudo-britiande.jpg\" alt=\"\" width=\"500\" height=\"389\" data-srcset=\"https:\/\/ea.ess-edu.pt\/wp-content\/uploads\/2009\/03\/entrudo-britiande.jpg 500w, https:\/\/ea.ess-edu.pt\/wp-content\/uploads\/2009\/03\/entrudo-britiande-300x233.jpg 300w\" data-sizes=\"(max-width: 500px) 100vw, 500px\" src=\"data:image\/svg+xml;base64,PHN2ZyB3aWR0aD0iMSIgaGVpZ2h0PSIxIiB4bWxucz0iaHR0cDovL3d3dy53My5vcmcvMjAwMC9zdmciPjwvc3ZnPg==\" style=\"--smush-placeholder-width: 500px; --smush-placeholder-aspect-ratio: 500\/389;\" \/>Vamos cantar<br \/>\n<\/span><span style=\"font-size: small;\">Vamos dan\u00e7ar<br \/>\n<\/span><span style=\"font-size: small;\">Porque \u00e9 carnaval<\/span><\/p>\n<p><span style=\"font-size: small;\">Uma, duas, tr\u00eas,<br \/>\n<\/span><span style=\"font-size: small;\">palminhas<span style=\"mso-spacerun: yes;\">&nbsp; <\/span>eu<span style=\"mso-spacerun: yes;\">&nbsp; <\/span>vou<span style=\"mso-spacerun: yes;\">&nbsp;&nbsp; <\/span>dar<br \/>\n<\/span><span style=\"font-size: small;\">e<\/span><span style=\"mso-spacerun: yes;\">&nbsp;<\/span><span style=\"font-size: small;\">bater o p\u00e9<br \/>\n<\/span><span style=\"font-size: small;\">para<span style=\"mso-spacerun: yes;\">&nbsp;<\/span>a<span style=\"mso-spacerun: yes;\">&nbsp;<\/span>gente<span style=\"mso-spacerun: yes;\">&nbsp;<\/span>dan\u00e7ar<\/span><\/p>\n<p><span style=\"font-size: small;\">Salta, salta, salta<br \/>\n<\/span><span style=\"font-size: small;\">E torna a saltar<br \/>\n<\/span><span style=\"font-size: small;\">Com muita alegria<br \/>\n<\/span><span style=\"font-size: small;\">Para a gente tocar.<\/span><\/p>\n<p><span style=\"font-size: small;\">C\u00f4ro:<br \/>\n<\/span><span style=\"font-size: small;\">Chim p\u00f3 chim<br \/>\n<\/span><span style=\"font-size: small;\">Viva o carnaval<br \/>\n<\/span><span style=\"font-size: small;\">Chim p\u00f3 chim<br \/>\n<\/span><span style=\"font-size: small;\">Viva o carnaval<\/span><\/p>\n<p>Os meninos do Jardim de Inf\u00e2ncia tamb\u00e9m desfilaram connosco.<br \/>\nAs pessoas que nos viam aplaudiam, batendo palmas, alegremente.<br \/>\nFoi um desfile muito divertido.<br \/>\nNa nossa escola ainda fizemos v\u00e1rios jogos e comemos guloseimas.<br \/>\nEste dia de carnaval na nossa escola foi espectacular.<\/p>\n<p><em>Os alunos da turma B da Escola EB1 de Britiande<\/em><\/p>\n","protected":false},"excerpt":{"rendered":"<p>Na Sexta-feira, dia 20 de Fevereiro, foi o Carnaval na nossa escola. Fizemos um desfile pelas ruas de Britiande mascarados de: princesas, ciganas, palha\u00e7os, espanholitas, super-homens, pol\u00edcias, fantasmas, Branca de Neve, etc. Estas personagens foram baseadas nos livros de hist\u00f3rias que andamos a ler. Durante o desfile toc\u00e1mos v\u00e1rios instrumentos musicais, atir\u00e1mos fitas e serpentinas [&hellip;]<\/p>\n","protected":false},"author":8,"featured_media":310,"comment_status":"open","ping_status":"closed","sticky":false,"template":"","format":"standard","meta":{"ngg_post_thumbnail":0,"ocean_post_layout":"","ocean_both_sidebars_style":"","ocean_both_sidebars_content_width":0,"ocean_both_sidebars_sidebars_width":0,"ocean_sidebar":"","ocean_second_sidebar":"","ocean_disable_margins":"enable","ocean_add_body_class":"","ocean_shortcode_before_top_bar":"","ocean_shortcode_after_top_bar":"","ocean_shortcode_before_header":"","ocean_shortcode_after_header":"","ocean_has_shortcode":"","ocean_shortcode_after_title":"","ocean_shortcode_before_footer_widgets":"","ocean_shortcode_after_footer_widgets":"","ocean_shortcode_before_footer_bottom":"","ocean_shortcode_after_footer_bottom":"","ocean_display_top_bar":"default","ocean_display_header":"default","ocean_header_style":"","ocean_center_header_left_menu":"","ocean_custom_header_template":"","ocean_custom_logo":0,"ocean_custom_retina_logo":0,"ocean_custom_logo_max_width":0,"ocean_custom_logo_tablet_max_width":0,"ocean_custom_logo_mobile_max_width":0,"ocean_custom_logo_max_height":0,"ocean_custom_logo_tablet_max_height":0,"ocean_custom_logo_mobile_max_height":0,"ocean_header_custom_menu":"","ocean_menu_typo_font_family":"","ocean_menu_typo_font_subset":"","ocean_menu_typo_font_size":0,"ocean_menu_typo_font_size_tablet":0,"ocean_menu_typo_font_size_mobile":0,"ocean_menu_typo_font_size_unit":"px","ocean_menu_typo_font_weight":"","ocean_menu_typo_font_weight_tablet":"","ocean_menu_typo_font_weight_mobile":"","ocean_menu_typo_transform":"","ocean_menu_typo_transform_tablet":"","ocean_menu_typo_transform_mobile":"","ocean_menu_typo_line_height":0,"ocean_menu_typo_line_height_tablet":0,"ocean_menu_typo_line_height_mobile":0,"ocean_menu_typo_line_height_unit":"","ocean_menu_typo_spacing":0,"ocean_menu_typo_spacing_tablet":0,"ocean_menu_typo_spacing_mobile":0,"ocean_menu_typo_spacing_unit":"","ocean_menu_link_color":"","ocean_menu_link_color_hover":"","ocean_menu_link_color_active":"","ocean_menu_link_background":"","ocean_menu_link_hover_background":"","ocean_menu_link_active_background":"","ocean_menu_social_links_bg":"","ocean_menu_social_hover_links_bg":"","ocean_menu_social_links_color":"","ocean_menu_social_hover_links_color":"","ocean_disable_title":"default","ocean_disable_heading":"default","ocean_post_title":"","ocean_post_subheading":"","ocean_post_title_style":"","ocean_post_title_background_color":"","ocean_post_title_background":0,"ocean_post_title_bg_image_position":"","ocean_post_title_bg_image_attachment":"","ocean_post_title_bg_image_repeat":"","ocean_post_title_bg_image_size":"","ocean_post_title_height":0,"ocean_post_title_bg_overlay":0.5,"ocean_post_title_bg_overlay_color":"","ocean_disable_breadcrumbs":"default","ocean_breadcrumbs_color":"","ocean_breadcrumbs_separator_color":"","ocean_breadcrumbs_links_color":"","ocean_breadcrumbs_links_hover_color":"","ocean_display_footer_widgets":"default","ocean_display_footer_bottom":"default","ocean_custom_footer_template":"","ocean_post_oembed":"","ocean_post_self_hosted_media":"","ocean_post_video_embed":"","ocean_link_format":"","ocean_link_format_target":"self","ocean_quote_format":"","ocean_quote_format_link":"post","ocean_gallery_link_images":"on","ocean_gallery_id":[],"footnotes":""},"categories":[17],"tags":[49,168],"class_list":["post-303","post","type-post","status-publish","format-standard","has-post-thumbnail","hentry","category-mais-pequenos","tag-1-o-ciclo","tag-carnaval","entry","has-media"],"jetpack_featured_media_url":"https:\/\/ea.ess-edu.pt\/wp-content\/uploads\/2009\/03\/entrudo-britiande.jpg","_links":{"self":[{"href":"https:\/\/ea.ess-edu.pt\/index.php?rest_route=\/wp\/v2\/posts\/303","targetHints":{"allow":["GET"]}}],"collection":[{"href":"https:\/\/ea.ess-edu.pt\/index.php?rest_route=\/wp\/v2\/posts"}],"about":[{"href":"https:\/\/ea.ess-edu.pt\/index.php?rest_route=\/wp\/v2\/types\/post"}],"author":[{"embeddable":true,"href":"https:\/\/ea.ess-edu.pt\/index.php?rest_route=\/wp\/v2\/users\/8"}],"replies":[{"embeddable":true,"href":"https:\/\/ea.ess-edu.pt\/index.php?rest_route=%2Fwp%2Fv2%2Fcomments&post=303"}],"version-history":[{"count":6,"href":"https:\/\/ea.ess-edu.pt\/index.php?rest_route=\/wp\/v2\/posts\/303\/revisions"}],"predecessor-version":[{"id":4483,"href":"https:\/\/ea.ess-edu.pt\/index.php?rest_route=\/wp\/v2\/posts\/303\/revisions\/4483"}],"wp:featuredmedia":[{"embeddable":true,"href":"https:\/\/ea.ess-edu.pt\/index.php?rest_route=\/wp\/v2\/media\/310"}],"wp:attachment":[{"href":"https:\/\/ea.ess-edu.pt\/index.php?rest_route=%2Fwp%2Fv2%2Fmedia&parent=303"}],"wp:term":[{"taxonomy":"category","embeddable":true,"href":"https:\/\/ea.ess-edu.pt\/index.php?rest_route=%2Fwp%2Fv2%2Fcategories&post=303"},{"taxonomy":"post_tag","embeddable":true,"href":"https:\/\/ea.ess-edu.pt\/index.php?rest_route=%2Fwp%2Fv2%2Ftags&post=303"}],"curies":[{"name":"wp","href":"https:\/\/api.w.org\/{rel}","templated":true}]}}