{"id":322,"date":"2009-03-16T16:53:19","date_gmt":"2009-03-16T16:53:19","guid":{"rendered":"https:\/\/ea.ess-edu.pt\/?p=322"},"modified":"2024-07-07T11:59:54","modified_gmt":"2024-07-07T10:59:54","slug":"benjamim-o-boneco-de-neve","status":"publish","type":"post","link":"https:\/\/ea.ess-edu.pt\/?p=322","title":{"rendered":"Benjamim, o boneco de neve"},"content":{"rendered":"<p>Ap\u00f3s a leitura e estudo do texto \u201cO Benjamim\u201d os alunos fizeram o seguinte poema, relacionado com o conte\u00fado do mesmo.<\/p>\n<p style=\"text-align: center;\">&nbsp;<strong><span style=\"font-size: 14pt;\"><span style=\"font-family: Times New Roman;\">Benjamim, o boneco de neve<\/span><\/span><\/strong><span style=\"font-size: small; font-family: Times New Roman;\">&nbsp;<\/span><\/p>\n<p class=\"MsoNormal\" style=\"margin: 0cm 0cm 0pt 164pt;\"><span style=\"mso-bidi-font-size: 12.0pt;\"><span style=\"font-size: small;\"><span style=\"font-family: Times New Roman;\">Que lindo boneco de neve <\/span><\/span><\/span><\/p>\n<p class=\"MsoNormal\" style=\"margin: 0cm 0cm 0pt 164pt;\"><span style=\"mso-bidi-font-size: 12.0pt;\"><span style=\"font-size: small;\"><span style=\"font-family: Times New Roman;\">\u00e9 o Benjamim!<\/span><\/span><\/span><\/p>\n<p class=\"MsoNormal\" style=\"margin: 0cm 0cm 0pt 164pt;\"><span style=\"mso-bidi-font-size: 12.0pt;\"><span style=\"font-size: small;\"><span style=\"font-family: Times New Roman;\">Ai, quem me dera<\/span><\/span><\/span><\/p>\n<p class=\"MsoNormal\" style=\"margin: 0cm 0cm 0pt 164pt;\"><span style=\"mso-bidi-font-size: 12.0pt;\"><span style=\"font-size: small;\"><span style=\"font-family: Times New Roman;\">um assim para mim!<\/span><\/span><\/span><\/p>\n<p class=\"MsoNormal\" style=\"margin: 0cm 0cm 0pt 164pt;\"><span style=\"font-size: small; font-family: Times New Roman;\">&nbsp;<\/span><\/p>\n<p class=\"MsoNormal\" style=\"margin: 0cm 0cm 0pt 164pt;\"><span style=\"mso-bidi-font-size: 12.0pt;\"><span style=\"font-size: small;\"><span style=\"font-family: Times New Roman;\">Dava-lhe mimos<\/span><\/span><\/span><\/p>\n<p class=\"MsoNormal\" style=\"margin: 0cm 0cm 0pt 164pt;\"><span style=\"mso-bidi-font-size: 12.0pt;\"><span style=\"font-size: small;\"><span style=\"font-family: Times New Roman;\">brincava tamb\u00e9m,<\/span><\/span><\/span><\/p>\n<p class=\"MsoNormal\" style=\"margin: 0cm 0cm 0pt 164pt;\"><span style=\"mso-bidi-font-size: 12.0pt;\"><span style=\"font-size: small;\"><span style=\"font-family: Times New Roman;\">eu era feliz<\/span><\/span><\/span><\/p>\n<p class=\"MsoNormal\" style=\"margin: 0cm 0cm 0pt 164pt;\"><span style=\"mso-bidi-font-size: 12.0pt;\"><span style=\"font-size: small;\"><span style=\"font-family: Times New Roman;\">ele era tamb\u00e9m.<\/span><\/span><\/span><\/p>\n<p class=\"MsoNormal\" style=\"margin: 0cm 0cm 0pt 164pt;\"><span style=\"font-size: small; font-family: Times New Roman;\">&nbsp;<\/span><\/p>\n<p class=\"MsoNormal\" style=\"margin: 0cm 0cm 0pt 164pt;\"><span style=\"mso-bidi-font-size: 12.0pt;\"><span style=\"font-size: small;\"><span style=\"font-family: Times New Roman;\">Dizia-lhe segredos<\/span><\/span><\/span><\/p>\n<p class=\"MsoNormal\" style=\"margin: 0cm 0cm 0pt 164pt;\"><span style=\"mso-bidi-font-size: 12.0pt;\"><span style=\"font-size: small;\"><span style=\"font-family: Times New Roman;\">contava-lhe uma hist\u00f3ria.<\/span><\/span><\/span><\/p>\n<p class=\"MsoNormal\" style=\"margin: 0cm 0cm 0pt 164pt;\"><span style=\"mso-bidi-font-size: 12.0pt;\"><span style=\"font-size: small;\"><span style=\"font-family: Times New Roman;\">Fic\u00e1vamos alegres<\/span><\/span><\/span><\/p>\n<p class=\"MsoNormal\" style=\"margin: 0cm 0cm 0pt 164pt;\"><span style=\"mso-bidi-font-size: 12.0pt;\"><span style=\"font-size: small;\"><span style=\"font-family: Times New Roman;\">era uma par\u00f3dia!<\/span><\/span><\/span><\/p>\n<p class=\"MsoNormal\" style=\"margin: 0cm 0cm 0pt 164pt;\"><span style=\"mso-bidi-font-size: 12.0pt;\"><span style=\"font-size: small; font-family: Times New Roman;\">&nbsp;<\/span><\/span><\/p>\n<p class=\"MsoNormal\" style=\"margin: 0cm 0cm 0pt 164pt;\"><span style=\"mso-bidi-font-size: 12.0pt;\"><span style=\"font-size: small;\"><span style=\"font-family: Times New Roman;\">Que flor t\u00e3o bonita<\/span><\/span><\/span><\/p>\n<p class=\"MsoNormal\" style=\"margin: 0cm 0cm 0pt 164pt;\"><span style=\"mso-bidi-font-size: 12.0pt;\"><span style=\"font-size: small;\"><span style=\"font-family: Times New Roman;\">tem o Benjamim!<\/span><\/span><\/span><\/p>\n<p class=\"MsoNormal\" style=\"margin: 0cm 0cm 0pt 164pt;\"><span style=\"mso-bidi-font-size: 12.0pt;\"><span style=\"font-size: small;\"><span style=\"font-family: Times New Roman;\">Quem me dera<\/span><\/span><\/span><\/p>\n<p class=\"MsoNormal\" style=\"margin: 0cm 0cm 0pt 164pt;\"><span style=\"mso-bidi-font-size: 12.0pt;\"><span style=\"font-size: small;\"><span style=\"font-family: Times New Roman;\">ter uma assim!<\/span><\/span><\/span><\/p>\n<p class=\"MsoNormal\" style=\"margin: 0cm 0cm 0pt 164pt;\"><span style=\"font-size: small; font-family: Times New Roman;\">&nbsp;<\/span><\/p>\n<p class=\"MsoNormal\" style=\"margin: 0cm 0cm 0pt 164pt;\"><span style=\"font-size: small; font-family: Times New Roman;\">Veio a Primavera<\/span><\/p>\n<p class=\"MsoNormal\" style=\"margin: 0cm 0cm 0pt 164pt;\"><span style=\"font-size: small; font-family: Times New Roman;\">derreteu o Benjamim.<\/span><\/p>\n<p class=\"MsoNormal\" style=\"margin: 0cm 0cm 0pt 164pt;\"><span style=\"font-size: small; font-family: Times New Roman;\">Que grande tristeza<\/span><\/p>\n<p class=\"MsoNormal\" style=\"margin: 0cm 0cm 0pt 164pt;\"><span style=\"font-size: small; font-family: Times New Roman;\">foi para mim!<\/span><\/p>\n<p><em>Os alunos da EB1 de Vila Me\u00e3<\/em><\/p>\n","protected":false},"excerpt":{"rendered":"<p>Ap\u00f3s a leitura e estudo do texto \u201cO Benjamim\u201d os alunos fizeram o seguinte poema, relacionado com o conte\u00fado do mesmo. &nbsp;Benjamim, o boneco de neve&nbsp; Que lindo boneco de neve \u00e9 o Benjamim! Ai, quem me dera um assim para mim! &nbsp; Dava-lhe mimos brincava tamb\u00e9m, eu era feliz ele era tamb\u00e9m. &nbsp; Dizia-lhe [&hellip;]<\/p>\n","protected":false},"author":8,"featured_media":4495,"comment_status":"open","ping_status":"closed","sticky":false,"template":"","format":"standard","meta":{"ngg_post_thumbnail":0,"ocean_post_layout":"","ocean_both_sidebars_style":"","ocean_both_sidebars_content_width":0,"ocean_both_sidebars_sidebars_width":0,"ocean_sidebar":"","ocean_second_sidebar":"","ocean_disable_margins":"enable","ocean_add_body_class":"","ocean_shortcode_before_top_bar":"","ocean_shortcode_after_top_bar":"","ocean_shortcode_before_header":"","ocean_shortcode_after_header":"","ocean_has_shortcode":"","ocean_shortcode_after_title":"","ocean_shortcode_before_footer_widgets":"","ocean_shortcode_after_footer_widgets":"","ocean_shortcode_before_footer_bottom":"","ocean_shortcode_after_footer_bottom":"","ocean_display_top_bar":"default","ocean_display_header":"default","ocean_header_style":"","ocean_center_header_left_menu":"","ocean_custom_header_template":"","ocean_custom_logo":0,"ocean_custom_retina_logo":0,"ocean_custom_logo_max_width":0,"ocean_custom_logo_tablet_max_width":0,"ocean_custom_logo_mobile_max_width":0,"ocean_custom_logo_max_height":0,"ocean_custom_logo_tablet_max_height":0,"ocean_custom_logo_mobile_max_height":0,"ocean_header_custom_menu":"","ocean_menu_typo_font_family":"","ocean_menu_typo_font_subset":"","ocean_menu_typo_font_size":0,"ocean_menu_typo_font_size_tablet":0,"ocean_menu_typo_font_size_mobile":0,"ocean_menu_typo_font_size_unit":"px","ocean_menu_typo_font_weight":"","ocean_menu_typo_font_weight_tablet":"","ocean_menu_typo_font_weight_mobile":"","ocean_menu_typo_transform":"","ocean_menu_typo_transform_tablet":"","ocean_menu_typo_transform_mobile":"","ocean_menu_typo_line_height":0,"ocean_menu_typo_line_height_tablet":0,"ocean_menu_typo_line_height_mobile":0,"ocean_menu_typo_line_height_unit":"","ocean_menu_typo_spacing":0,"ocean_menu_typo_spacing_tablet":0,"ocean_menu_typo_spacing_mobile":0,"ocean_menu_typo_spacing_unit":"","ocean_menu_link_color":"","ocean_menu_link_color_hover":"","ocean_menu_link_color_active":"","ocean_menu_link_background":"","ocean_menu_link_hover_background":"","ocean_menu_link_active_background":"","ocean_menu_social_links_bg":"","ocean_menu_social_hover_links_bg":"","ocean_menu_social_links_color":"","ocean_menu_social_hover_links_color":"","ocean_disable_title":"default","ocean_disable_heading":"default","ocean_post_title":"","ocean_post_subheading":"","ocean_post_title_style":"","ocean_post_title_background_color":"","ocean_post_title_background":0,"ocean_post_title_bg_image_position":"","ocean_post_title_bg_image_attachment":"","ocean_post_title_bg_image_repeat":"","ocean_post_title_bg_image_size":"","ocean_post_title_height":0,"ocean_post_title_bg_overlay":0.5,"ocean_post_title_bg_overlay_color":"","ocean_disable_breadcrumbs":"default","ocean_breadcrumbs_color":"","ocean_breadcrumbs_separator_color":"","ocean_breadcrumbs_links_color":"","ocean_breadcrumbs_links_hover_color":"","ocean_display_footer_widgets":"default","ocean_display_footer_bottom":"default","ocean_custom_footer_template":"","ocean_post_oembed":"","ocean_post_self_hosted_media":"","ocean_post_video_embed":"","ocean_link_format":"","ocean_link_format_target":"self","ocean_quote_format":"","ocean_quote_format_link":"post","ocean_gallery_link_images":"on","ocean_gallery_id":[],"footnotes":""},"categories":[17],"tags":[49,44],"class_list":["post-322","post","type-post","status-publish","format-standard","has-post-thumbnail","hentry","category-mais-pequenos","tag-1-o-ciclo","tag-boneco-de-neve","entry","has-media"],"jetpack_featured_media_url":"https:\/\/ea.ess-edu.pt\/wp-content\/uploads\/2009\/03\/boneco-de-neve_300x169.png","_links":{"self":[{"href":"https:\/\/ea.ess-edu.pt\/index.php?rest_route=\/wp\/v2\/posts\/322","targetHints":{"allow":["GET"]}}],"collection":[{"href":"https:\/\/ea.ess-edu.pt\/index.php?rest_route=\/wp\/v2\/posts"}],"about":[{"href":"https:\/\/ea.ess-edu.pt\/index.php?rest_route=\/wp\/v2\/types\/post"}],"author":[{"embeddable":true,"href":"https:\/\/ea.ess-edu.pt\/index.php?rest_route=\/wp\/v2\/users\/8"}],"replies":[{"embeddable":true,"href":"https:\/\/ea.ess-edu.pt\/index.php?rest_route=%2Fwp%2Fv2%2Fcomments&post=322"}],"version-history":[{"count":2,"href":"https:\/\/ea.ess-edu.pt\/index.php?rest_route=\/wp\/v2\/posts\/322\/revisions"}],"predecessor-version":[{"id":4497,"href":"https:\/\/ea.ess-edu.pt\/index.php?rest_route=\/wp\/v2\/posts\/322\/revisions\/4497"}],"wp:featuredmedia":[{"embeddable":true,"href":"https:\/\/ea.ess-edu.pt\/index.php?rest_route=\/wp\/v2\/media\/4495"}],"wp:attachment":[{"href":"https:\/\/ea.ess-edu.pt\/index.php?rest_route=%2Fwp%2Fv2%2Fmedia&parent=322"}],"wp:term":[{"taxonomy":"category","embeddable":true,"href":"https:\/\/ea.ess-edu.pt\/index.php?rest_route=%2Fwp%2Fv2%2Fcategories&post=322"},{"taxonomy":"post_tag","embeddable":true,"href":"https:\/\/ea.ess-edu.pt\/index.php?rest_route=%2Fwp%2Fv2%2Ftags&post=322"}],"curies":[{"name":"wp","href":"https:\/\/api.w.org\/{rel}","templated":true}]}}