{"id":4690,"date":"2024-06-16T19:57:34","date_gmt":"2024-06-16T18:57:34","guid":{"rendered":"https:\/\/ea.ess-edu.pt\/?p=4690"},"modified":"2024-07-07T20:31:39","modified_gmt":"2024-07-07T19:31:39","slug":"catedral-de-lamego-patrimonio-do-douro-vinhateiro","status":"publish","type":"post","link":"https:\/\/ea.ess-edu.pt\/?p=4690","title":{"rendered":"Catedral de Lamego &#8211; Patrim\u00f3nio do Douro Vinhateiro"},"content":{"rendered":"\n<style>.embed-container { position: relative; padding-bottom: 56.25%; height: 0; overflow: hidden; max-width: 100%; } .embed-container iframe, .embed-container object, .embed-container embed { position: absolute; top: 0; left: 0; width: 100%; height: 100%; }<\/style><div class=\"embed-container\"><iframe data-src=\"https:\/\/www.youtube.com\/embed\/AGi4aSJcMo0\" frameborder=\"0\" allowfullscreen=\"\" src=\"data:image\/svg+xml;base64,PHN2ZyB3aWR0aD0iMSIgaGVpZ2h0PSIxIiB4bWxucz0iaHR0cDovL3d3dy53My5vcmcvMjAwMC9zdmciPjwvc3ZnPg==\" class=\"lazyload\" data-load-mode=\"1\"><\/iframe><\/div>\n\n\n\n<div style=\"height:30px\" aria-hidden=\"true\" class=\"wp-block-spacer\"><\/div>\n\n\n\n<p><a href=\"https:\/\/www.youtube.com\/@360portugal\" target=\"_blank\" rel=\"noopener\"><img decoding=\"async\" class=\"alignleft wp-image-4649 lazyload\" data-src=\"https:\/\/ea.ess-edu.pt\/wp-content\/uploads\/2024\/06\/360portugal.jpg\" alt=\"\" width=\"64\" height=\"64\" src=\"data:image\/svg+xml;base64,PHN2ZyB3aWR0aD0iMSIgaGVpZ2h0PSIxIiB4bWxucz0iaHR0cDovL3d3dy53My5vcmcvMjAwMC9zdmciPjwvc3ZnPg==\" style=\"--smush-placeholder-width: 64px; --smush-placeholder-aspect-ratio: 64\/64;\"><\/a>A S\u00e9 de Lamego, constru\u00edda a partir de sucessivas etapas, constitui um dos monumentos hist\u00f3ricos mais emblem\u00e1ticos de toda a regi\u00e3o do Douro. Foi fundada em 1129. \u00c9 uma catedral de origem rom\u00e2nica que pelo caminho inicial recebeu aditamentos g\u00f3ticos, outros j\u00e1 manuelinos, mant\u00e9m a torre quadrada original rom\u00e2nica embora trasladada desde o lado onde no s\u00e9c. XVI foi constru\u00eddo o Claustro, mas o resto da arquitetura reflete as modifica\u00e7\u00f5es feitas nos s\u00e9culos XVI e XVIII, ao corpo da igreja e capela-mor, incluindo um claustro renascentista com uma d\u00fazia de arcos bem proporcionados.<\/p>\n<ul style=\"list-style-type: square;\">\n<li>Fonte: <a href=\"https:\/\/www.youtube.com\/@360portugal\" target=\"_blank\" rel=\"noopener\"><strong>360portugal<\/strong><\/a><\/li>\n<\/ul>\n","protected":false},"excerpt":{"rendered":"<p>A S\u00e9 de Lamego, constru\u00edda a partir de sucessivas etapas, constitui um dos monumentos hist\u00f3ricos mais emblem\u00e1ticos de toda a regi\u00e3o do Douro. Foi fundada em 1129. \u00c9 uma catedral de origem rom\u00e2nica que pelo caminho inicial recebeu aditamentos g\u00f3ticos, outros j\u00e1 manuelinos, mant\u00e9m a torre quadrada original rom\u00e2nica embora trasladada desde o lado onde [&hellip;]<\/p>\n","protected":false},"author":1,"featured_media":4695,"comment_status":"open","ping_status":"closed","sticky":false,"template":"","format":"standard","meta":{"ngg_post_thumbnail":0,"ocean_post_layout":"","ocean_both_sidebars_style":"","ocean_both_sidebars_content_width":0,"ocean_both_sidebars_sidebars_width":0,"ocean_sidebar":"","ocean_second_sidebar":"","ocean_disable_margins":"enable","ocean_add_body_class":"","ocean_shortcode_before_top_bar":"","ocean_shortcode_after_top_bar":"","ocean_shortcode_before_header":"","ocean_shortcode_after_header":"","ocean_has_shortcode":"","ocean_shortcode_after_title":"","ocean_shortcode_before_footer_widgets":"","ocean_shortcode_after_footer_widgets":"","ocean_shortcode_before_footer_bottom":"","ocean_shortcode_after_footer_bottom":"","ocean_display_top_bar":"default","ocean_display_header":"default","ocean_header_style":"","ocean_center_header_left_menu":"","ocean_custom_header_template":"","ocean_custom_logo":0,"ocean_custom_retina_logo":0,"ocean_custom_logo_max_width":0,"ocean_custom_logo_tablet_max_width":0,"ocean_custom_logo_mobile_max_width":0,"ocean_custom_logo_max_height":0,"ocean_custom_logo_tablet_max_height":0,"ocean_custom_logo_mobile_max_height":0,"ocean_header_custom_menu":"","ocean_menu_typo_font_family":"","ocean_menu_typo_font_subset":"","ocean_menu_typo_font_size":0,"ocean_menu_typo_font_size_tablet":0,"ocean_menu_typo_font_size_mobile":0,"ocean_menu_typo_font_size_unit":"px","ocean_menu_typo_font_weight":"","ocean_menu_typo_font_weight_tablet":"","ocean_menu_typo_font_weight_mobile":"","ocean_menu_typo_transform":"","ocean_menu_typo_transform_tablet":"","ocean_menu_typo_transform_mobile":"","ocean_menu_typo_line_height":0,"ocean_menu_typo_line_height_tablet":0,"ocean_menu_typo_line_height_mobile":0,"ocean_menu_typo_line_height_unit":"","ocean_menu_typo_spacing":0,"ocean_menu_typo_spacing_tablet":0,"ocean_menu_typo_spacing_mobile":0,"ocean_menu_typo_spacing_unit":"","ocean_menu_link_color":"","ocean_menu_link_color_hover":"","ocean_menu_link_color_active":"","ocean_menu_link_background":"","ocean_menu_link_hover_background":"","ocean_menu_link_active_background":"","ocean_menu_social_links_bg":"","ocean_menu_social_hover_links_bg":"","ocean_menu_social_links_color":"","ocean_menu_social_hover_links_color":"","ocean_disable_title":"default","ocean_disable_heading":"default","ocean_post_title":"","ocean_post_subheading":"","ocean_post_title_style":"","ocean_post_title_background_color":"","ocean_post_title_background":0,"ocean_post_title_bg_image_position":"","ocean_post_title_bg_image_attachment":"","ocean_post_title_bg_image_repeat":"","ocean_post_title_bg_image_size":"","ocean_post_title_height":0,"ocean_post_title_bg_overlay":0.5,"ocean_post_title_bg_overlay_color":"","ocean_disable_breadcrumbs":"default","ocean_breadcrumbs_color":"","ocean_breadcrumbs_separator_color":"","ocean_breadcrumbs_links_color":"","ocean_breadcrumbs_links_hover_color":"","ocean_display_footer_widgets":"default","ocean_display_footer_bottom":"default","ocean_custom_footer_template":"","ocean_post_oembed":"","ocean_post_self_hosted_media":"","ocean_post_video_embed":"","ocean_link_format":"","ocean_link_format_target":"self","ocean_quote_format":"","ocean_quote_format_link":"post","ocean_gallery_link_images":"on","ocean_gallery_id":[],"footnotes":""},"categories":[6,4],"tags":[70,68,110,69],"class_list":["post-4690","post","type-post","status-publish","format-standard","has-post-thumbnail","hentry","category-cultura","category-multimedia","tag-catedral-de-lamego","tag-lamego","tag-se-de-lamego","tag-video","entry","has-media"],"jetpack_featured_media_url":"https:\/\/ea.ess-edu.pt\/wp-content\/uploads\/2024\/06\/Catedral-de-Lamego-Patrimonio-do-Douro-Vinhateiro_300x169.png","_links":{"self":[{"href":"https:\/\/ea.ess-edu.pt\/index.php?rest_route=\/wp\/v2\/posts\/4690","targetHints":{"allow":["GET"]}}],"collection":[{"href":"https:\/\/ea.ess-edu.pt\/index.php?rest_route=\/wp\/v2\/posts"}],"about":[{"href":"https:\/\/ea.ess-edu.pt\/index.php?rest_route=\/wp\/v2\/types\/post"}],"author":[{"embeddable":true,"href":"https:\/\/ea.ess-edu.pt\/index.php?rest_route=\/wp\/v2\/users\/1"}],"replies":[{"embeddable":true,"href":"https:\/\/ea.ess-edu.pt\/index.php?rest_route=%2Fwp%2Fv2%2Fcomments&post=4690"}],"version-history":[{"count":2,"href":"https:\/\/ea.ess-edu.pt\/index.php?rest_route=\/wp\/v2\/posts\/4690\/revisions"}],"predecessor-version":[{"id":4697,"href":"https:\/\/ea.ess-edu.pt\/index.php?rest_route=\/wp\/v2\/posts\/4690\/revisions\/4697"}],"wp:featuredmedia":[{"embeddable":true,"href":"https:\/\/ea.ess-edu.pt\/index.php?rest_route=\/wp\/v2\/media\/4695"}],"wp:attachment":[{"href":"https:\/\/ea.ess-edu.pt\/index.php?rest_route=%2Fwp%2Fv2%2Fmedia&parent=4690"}],"wp:term":[{"taxonomy":"category","embeddable":true,"href":"https:\/\/ea.ess-edu.pt\/index.php?rest_route=%2Fwp%2Fv2%2Fcategories&post=4690"},{"taxonomy":"post_tag","embeddable":true,"href":"https:\/\/ea.ess-edu.pt\/index.php?rest_route=%2Fwp%2Fv2%2Ftags&post=4690"}],"curies":[{"name":"wp","href":"https:\/\/api.w.org\/{rel}","templated":true}]}}