{"id":580,"date":"2009-11-19T17:59:02","date_gmt":"2009-11-19T17:59:02","guid":{"rendered":"https:\/\/ea.ess-edu.pt\/?p=580"},"modified":"2024-07-07T16:21:21","modified_gmt":"2024-07-07T15:21:21","slug":"um-trecho-medieval","status":"publish","type":"post","link":"https:\/\/ea.ess-edu.pt\/?p=580","title":{"rendered":"Um trecho medieval"},"content":{"rendered":"\t\t\t\t\t<div style=\"width: 100%;padding-bottom: 56.25%;position: relative;\" class=\"\" >\n\t\t\t\t\t<div id=\"bradmax-player-69f31dc378127\" style=\"position: absolute;top: 0; bottom: 0; left: 0; right: 0;\"><\/div>\n\t\t\t\t<\/div>\n \n\t<script type=\"text\/javascript\">\n\t\tfunction bradmaxPlayerInit_69f31dc378127() {\n\t\t\tvar bradmaxPlayerConfig_69f31dc378127 = {\"dataProvider\":{\"source\":[{\"url\":\"https:\\\/\\\/streaming-arquivo-ondemand.rtp.pt\\\/nas2.share\\\/mcm\\\/arquivo\\\/mp4\\\/35a\\\/35aea0acd1fd36c239835f417f150046arq.m3u8\"}],\"splashImages\":[{\"url\":\"https:\\\/\\\/cdn-images.rtp.pt\\\/arquivo\\\/2023\\\/10\\\/mobil-33.png\"}]}};\n\t\t\tvar element = document.getElementById(\"bradmax-player-69f31dc378127\");\n\t\t\tvar player = window.bradmax.player.create(element, bradmaxPlayerConfig_69f31dc378127);\n\t\t\t\/\/ Back compability.\n\t\t\tif(!window.player) {\n\t\t\t\twindow.player = player;\n\t\t\t}\n\t\t}\n\t\tif(window.bradmax && window.bradmax.player) {\n\t\t\tbradmaxPlayerInit_69f31dc378127();\n\t\t} else {\n\t\t\twindow.addEventListener('load', bradmaxPlayerInit_69f31dc378127);\n\t\t}\n\t<\/script>\n\n\n\n\n<div style=\"height:30px\" aria-hidden=\"true\" class=\"wp-block-spacer\"><\/div>\n\n\n\n<p>Programa de divulga\u00e7\u00e3o de locais de interesse e de destino tur\u00edstico, sobre monumentos medievais situados na zona do interior norte de Portugal.<\/p>\n<ul style=\"list-style-type: square;\">\n<li>Fonte: <a href=\"https:\/\/arquivos.rtp.pt\/\" target=\"_blank\" rel=\"noopener\">RTP ARQUIVOS<\/a><\/li>\n<\/ul>\n","protected":false},"excerpt":{"rendered":"<p>Programa de divulga\u00e7\u00e3o de locais de interesse e de destino tur\u00edstico, sobre monumentos medievais situados na zona do interior norte de Portugal. Fonte: RTP ARQUIVOS<\/p>\n","protected":false},"author":1,"featured_media":4987,"comment_status":"open","ping_status":"closed","sticky":false,"template":"","format":"standard","meta":{"ngg_post_thumbnail":0,"ocean_post_layout":"","ocean_both_sidebars_style":"","ocean_both_sidebars_content_width":0,"ocean_both_sidebars_sidebars_width":0,"ocean_sidebar":"","ocean_second_sidebar":"","ocean_disable_margins":"enable","ocean_add_body_class":"","ocean_shortcode_before_top_bar":"","ocean_shortcode_after_top_bar":"","ocean_shortcode_before_header":"","ocean_shortcode_after_header":"","ocean_has_shortcode":"","ocean_shortcode_after_title":"","ocean_shortcode_before_footer_widgets":"","ocean_shortcode_after_footer_widgets":"","ocean_shortcode_before_footer_bottom":"","ocean_shortcode_after_footer_bottom":"","ocean_display_top_bar":"default","ocean_display_header":"default","ocean_header_style":"","ocean_center_header_left_menu":"","ocean_custom_header_template":"","ocean_custom_logo":0,"ocean_custom_retina_logo":0,"ocean_custom_logo_max_width":0,"ocean_custom_logo_tablet_max_width":0,"ocean_custom_logo_mobile_max_width":0,"ocean_custom_logo_max_height":0,"ocean_custom_logo_tablet_max_height":0,"ocean_custom_logo_mobile_max_height":0,"ocean_header_custom_menu":"","ocean_menu_typo_font_family":"","ocean_menu_typo_font_subset":"","ocean_menu_typo_font_size":0,"ocean_menu_typo_font_size_tablet":0,"ocean_menu_typo_font_size_mobile":0,"ocean_menu_typo_font_size_unit":"px","ocean_menu_typo_font_weight":"","ocean_menu_typo_font_weight_tablet":"","ocean_menu_typo_font_weight_mobile":"","ocean_menu_typo_transform":"","ocean_menu_typo_transform_tablet":"","ocean_menu_typo_transform_mobile":"","ocean_menu_typo_line_height":0,"ocean_menu_typo_line_height_tablet":0,"ocean_menu_typo_line_height_mobile":0,"ocean_menu_typo_line_height_unit":"","ocean_menu_typo_spacing":0,"ocean_menu_typo_spacing_tablet":0,"ocean_menu_typo_spacing_mobile":0,"ocean_menu_typo_spacing_unit":"","ocean_menu_link_color":"","ocean_menu_link_color_hover":"","ocean_menu_link_color_active":"","ocean_menu_link_background":"","ocean_menu_link_hover_background":"","ocean_menu_link_active_background":"","ocean_menu_social_links_bg":"","ocean_menu_social_hover_links_bg":"","ocean_menu_social_links_color":"","ocean_menu_social_hover_links_color":"","ocean_disable_title":"default","ocean_disable_heading":"default","ocean_post_title":"","ocean_post_subheading":"","ocean_post_title_style":"","ocean_post_title_background_color":"","ocean_post_title_background":0,"ocean_post_title_bg_image_position":"","ocean_post_title_bg_image_attachment":"","ocean_post_title_bg_image_repeat":"","ocean_post_title_bg_image_size":"","ocean_post_title_height":0,"ocean_post_title_bg_overlay":0.5,"ocean_post_title_bg_overlay_color":"","ocean_disable_breadcrumbs":"default","ocean_breadcrumbs_color":"","ocean_breadcrumbs_separator_color":"","ocean_breadcrumbs_links_color":"","ocean_breadcrumbs_links_hover_color":"","ocean_display_footer_widgets":"default","ocean_display_footer_bottom":"default","ocean_custom_footer_template":"","ocean_post_oembed":"","ocean_post_self_hosted_media":"","ocean_post_video_embed":"","ocean_link_format":"","ocean_link_format_target":"self","ocean_quote_format":"","ocean_quote_format_link":"post","ocean_gallery_link_images":"on","ocean_gallery_id":[],"footnotes":""},"categories":[6,4],"tags":[117,115,116,68,109,110,69],"class_list":["post-580","post","type-post","status-publish","format-standard","has-post-thumbnail","hentry","category-cultura","category-multimedia","tag-convento-de-sao-joao-de-tarouca","tag-festas-de-nossa-senhora-dos-remedios","tag-igreja-de-sao-pedro-de-balsemao","tag-lamego","tag-museu-de-lamego","tag-se-de-lamego","tag-video","entry","has-media"],"jetpack_featured_media_url":"https:\/\/ea.ess-edu.pt\/wp-content\/uploads\/2009\/11\/Um-trecho-medieval_300x175.png","_links":{"self":[{"href":"https:\/\/ea.ess-edu.pt\/index.php?rest_route=\/wp\/v2\/posts\/580","targetHints":{"allow":["GET"]}}],"collection":[{"href":"https:\/\/ea.ess-edu.pt\/index.php?rest_route=\/wp\/v2\/posts"}],"about":[{"href":"https:\/\/ea.ess-edu.pt\/index.php?rest_route=\/wp\/v2\/types\/post"}],"author":[{"embeddable":true,"href":"https:\/\/ea.ess-edu.pt\/index.php?rest_route=\/wp\/v2\/users\/1"}],"replies":[{"embeddable":true,"href":"https:\/\/ea.ess-edu.pt\/index.php?rest_route=%2Fwp%2Fv2%2Fcomments&post=580"}],"version-history":[{"count":5,"href":"https:\/\/ea.ess-edu.pt\/index.php?rest_route=\/wp\/v2\/posts\/580\/revisions"}],"predecessor-version":[{"id":5337,"href":"https:\/\/ea.ess-edu.pt\/index.php?rest_route=\/wp\/v2\/posts\/580\/revisions\/5337"}],"wp:featuredmedia":[{"embeddable":true,"href":"https:\/\/ea.ess-edu.pt\/index.php?rest_route=\/wp\/v2\/media\/4987"}],"wp:attachment":[{"href":"https:\/\/ea.ess-edu.pt\/index.php?rest_route=%2Fwp%2Fv2%2Fmedia&parent=580"}],"wp:term":[{"taxonomy":"category","embeddable":true,"href":"https:\/\/ea.ess-edu.pt\/index.php?rest_route=%2Fwp%2Fv2%2Fcategories&post=580"},{"taxonomy":"post_tag","embeddable":true,"href":"https:\/\/ea.ess-edu.pt\/index.php?rest_route=%2Fwp%2Fv2%2Ftags&post=580"}],"curies":[{"name":"wp","href":"https:\/\/api.w.org\/{rel}","templated":true}]}}