{"id":596,"date":"2010-01-28T00:52:39","date_gmt":"2010-01-28T00:52:39","guid":{"rendered":"https:\/\/ea.ess-edu.pt\/?p=596"},"modified":"2024-06-13T00:45:23","modified_gmt":"2024-06-12T23:45:23","slug":"1-%c2%ba-d-eb1-lamego-n-%c2%ba-2-blog-archive-chegou-fruta-a-nossa-escola","status":"publish","type":"post","link":"https:\/\/ea.ess-edu.pt\/?p=596","title":{"rendered":"1.\u00ba D \u2013 EB1 Lamego n.\u00ba 2 \u00bb\u00bb Chegou fruta \u00e0 nossa Escola\u2026"},"content":{"rendered":"<figure style=\"width: 150px\" class=\"wp-caption alignright\"><a href=\"https:\/\/blogs.ess-edu.pt\/1deb1lamego2009\/files\/2010\/01\/100_2499.jpg\"><img decoding=\"async\" class=\"lazyload\" data-src=\"https:\/\/blogs.ess-edu.pt\/1deb1lamego2009\/files\/2010\/01\/100_2499-150x150.jpg\" alt=\"\" width=\"150\" height=\"150\" src=\"data:image\/svg+xml;base64,PHN2ZyB3aWR0aD0iMSIgaGVpZ2h0PSIxIiB4bWxucz0iaHR0cDovL3d3dy53My5vcmcvMjAwMC9zdmciPjwvc3ZnPg==\" style=\"--smush-placeholder-width: 150px; --smush-placeholder-aspect-ratio: 150\/150;\"><\/a><figcaption class=\"wp-caption-text\">Chegou fruta \u00e0 nossa Escola&#8230;<\/figcaption><\/figure>\n<p>Hoje, temos uma boa novidade para contar. Recebemos, pela primeira vez, fruta para comermos \u00e0 hora do intervalo. O nosso professor disse-nos que, na escola, ir\u00edamos poder comer fruta dois dias por semana. A de hoje \u00e9 que n\u00e3o agradou a todos os alunos \u2013 era p\u00eara e alguns meninos n\u00e3o gostam muito. Mas, n\u00f3s j\u00e1 aprendemos que a fruta, seja ela qual for, deve fazer parte da nossa alimenta\u00e7\u00e3o. Assim, imaginem que at\u00e9 houve meninos que disseram que n\u00e3o gostavam e depois provaram e comeram. N\u00f3s dissemos ao nosso professor para pedir \u00e0 Senhora \u201cDirectora\u201d para nos mandar fruta de que gostemos mais, como por exemplo morangos. Seria \u00f3ptimo\u2026 Hummmm\u2026<\/p>\n<p>Queremos agradecer a quem teve esta ideia de distribuir fruta pelos meninos das nossas escolas, pois sabemos que ela faz falta numa alimenta\u00e7\u00e3o saud\u00e1vel.<\/p>\n<p>via <a href=\"https:\/\/blogs.ess-edu.pt\/1deb1lamego2009\/2010\/01\/27\/chegou-fruta-a-nossa-escola\/\" target=\"_blank\" rel=\"noopener\">1.\u00ba D \u2013 EB1 Lamego n.\u00ba 2 \u00bb Blog Archive \u00bb Chegou fruta \u00e0 nossa Escola\u2026<\/a>.<\/p>\n","protected":false},"excerpt":{"rendered":"<p>Hoje, temos uma boa novidade para contar. Recebemos, pela primeira vez, fruta para comermos \u00e0 hora do intervalo. O nosso professor disse-nos que, na escola, ir\u00edamos poder comer fruta dois dias por semana. A de hoje \u00e9 que n\u00e3o agradou a todos os alunos \u2013 era p\u00eara e alguns meninos n\u00e3o gostam muito. Mas, n\u00f3s [&hellip;]<\/p>\n","protected":false},"author":1,"featured_media":4074,"comment_status":"open","ping_status":"closed","sticky":false,"template":"","format":"standard","meta":{"ngg_post_thumbnail":0,"ocean_post_layout":"","ocean_both_sidebars_style":"","ocean_both_sidebars_content_width":0,"ocean_both_sidebars_sidebars_width":0,"ocean_sidebar":"","ocean_second_sidebar":"","ocean_disable_margins":"enable","ocean_add_body_class":"","ocean_shortcode_before_top_bar":"","ocean_shortcode_after_top_bar":"","ocean_shortcode_before_header":"","ocean_shortcode_after_header":"","ocean_has_shortcode":"","ocean_shortcode_after_title":"","ocean_shortcode_before_footer_widgets":"","ocean_shortcode_after_footer_widgets":"","ocean_shortcode_before_footer_bottom":"","ocean_shortcode_after_footer_bottom":"","ocean_display_top_bar":"default","ocean_display_header":"default","ocean_header_style":"","ocean_center_header_left_menu":"","ocean_custom_header_template":"","ocean_custom_logo":0,"ocean_custom_retina_logo":0,"ocean_custom_logo_max_width":0,"ocean_custom_logo_tablet_max_width":0,"ocean_custom_logo_mobile_max_width":0,"ocean_custom_logo_max_height":0,"ocean_custom_logo_tablet_max_height":0,"ocean_custom_logo_mobile_max_height":0,"ocean_header_custom_menu":"","ocean_menu_typo_font_family":"","ocean_menu_typo_font_subset":"","ocean_menu_typo_font_size":0,"ocean_menu_typo_font_size_tablet":0,"ocean_menu_typo_font_size_mobile":0,"ocean_menu_typo_font_size_unit":"px","ocean_menu_typo_font_weight":"","ocean_menu_typo_font_weight_tablet":"","ocean_menu_typo_font_weight_mobile":"","ocean_menu_typo_transform":"","ocean_menu_typo_transform_tablet":"","ocean_menu_typo_transform_mobile":"","ocean_menu_typo_line_height":0,"ocean_menu_typo_line_height_tablet":0,"ocean_menu_typo_line_height_mobile":0,"ocean_menu_typo_line_height_unit":"","ocean_menu_typo_spacing":0,"ocean_menu_typo_spacing_tablet":0,"ocean_menu_typo_spacing_mobile":0,"ocean_menu_typo_spacing_unit":"","ocean_menu_link_color":"","ocean_menu_link_color_hover":"","ocean_menu_link_color_active":"","ocean_menu_link_background":"","ocean_menu_link_hover_background":"","ocean_menu_link_active_background":"","ocean_menu_social_links_bg":"","ocean_menu_social_hover_links_bg":"","ocean_menu_social_links_color":"","ocean_menu_social_hover_links_color":"","ocean_disable_title":"default","ocean_disable_heading":"default","ocean_post_title":"","ocean_post_subheading":"","ocean_post_title_style":"","ocean_post_title_background_color":"","ocean_post_title_background":0,"ocean_post_title_bg_image_position":"","ocean_post_title_bg_image_attachment":"","ocean_post_title_bg_image_repeat":"","ocean_post_title_bg_image_size":"","ocean_post_title_height":0,"ocean_post_title_bg_overlay":0.5,"ocean_post_title_bg_overlay_color":"","ocean_disable_breadcrumbs":"default","ocean_breadcrumbs_color":"","ocean_breadcrumbs_separator_color":"","ocean_breadcrumbs_links_color":"","ocean_breadcrumbs_links_hover_color":"","ocean_display_footer_widgets":"default","ocean_display_footer_bottom":"default","ocean_custom_footer_template":"","ocean_post_oembed":"","ocean_post_self_hosted_media":"","ocean_post_video_embed":"","ocean_link_format":"","ocean_link_format_target":"self","ocean_quote_format":"","ocean_quote_format_link":"post","ocean_gallery_link_images":"on","ocean_gallery_id":[],"footnotes":""},"categories":[17],"tags":[49,46,48,47],"class_list":["post-596","post","type-post","status-publish","format-standard","has-post-thumbnail","hentry","category-mais-pequenos","tag-1-o-ciclo","tag-fruta","tag-morangos","tag-peras","entry","has-media"],"jetpack_featured_media_url":"https:\/\/ea.ess-edu.pt\/wp-content\/uploads\/2010\/01\/Fruta_960X1280.jpg","_links":{"self":[{"href":"https:\/\/ea.ess-edu.pt\/index.php?rest_route=\/wp\/v2\/posts\/596","targetHints":{"allow":["GET"]}}],"collection":[{"href":"https:\/\/ea.ess-edu.pt\/index.php?rest_route=\/wp\/v2\/posts"}],"about":[{"href":"https:\/\/ea.ess-edu.pt\/index.php?rest_route=\/wp\/v2\/types\/post"}],"author":[{"embeddable":true,"href":"https:\/\/ea.ess-edu.pt\/index.php?rest_route=\/wp\/v2\/users\/1"}],"replies":[{"embeddable":true,"href":"https:\/\/ea.ess-edu.pt\/index.php?rest_route=%2Fwp%2Fv2%2Fcomments&post=596"}],"version-history":[{"count":5,"href":"https:\/\/ea.ess-edu.pt\/index.php?rest_route=\/wp\/v2\/posts\/596\/revisions"}],"predecessor-version":[{"id":4075,"href":"https:\/\/ea.ess-edu.pt\/index.php?rest_route=\/wp\/v2\/posts\/596\/revisions\/4075"}],"wp:featuredmedia":[{"embeddable":true,"href":"https:\/\/ea.ess-edu.pt\/index.php?rest_route=\/wp\/v2\/media\/4074"}],"wp:attachment":[{"href":"https:\/\/ea.ess-edu.pt\/index.php?rest_route=%2Fwp%2Fv2%2Fmedia&parent=596"}],"wp:term":[{"taxonomy":"category","embeddable":true,"href":"https:\/\/ea.ess-edu.pt\/index.php?rest_route=%2Fwp%2Fv2%2Fcategories&post=596"},{"taxonomy":"post_tag","embeddable":true,"href":"https:\/\/ea.ess-edu.pt\/index.php?rest_route=%2Fwp%2Fv2%2Ftags&post=596"}],"curies":[{"name":"wp","href":"https:\/\/api.w.org\/{rel}","templated":true}]}}