{"id":603,"date":"2010-02-11T23:22:48","date_gmt":"2010-02-11T23:22:48","guid":{"rendered":"https:\/\/ea.ess-edu.pt\/?p=603"},"modified":"2024-07-07T16:45:28","modified_gmt":"2024-07-07T15:45:28","slug":"uma-das-escolas-mais-avancadas-do-mundo-e-portuguesa-visao-pt","status":"publish","type":"post","link":"https:\/\/ea.ess-edu.pt\/?p=603","title":{"rendered":"Uma das escolas mais avan\u00e7adas do mundo \u00e9 portuguesa &#8211; Visao.pt"},"content":{"rendered":"<h4><a href=\"https:\/\/ea.ess-edu.pt\/wp-content\/uploads\/2010\/02\/visao-vabrunhais.jpg\"><img decoding=\"async\" class=\"alignright size-medium wp-image-605 lazyload\" title=\"Vis\u00e3o - EB1 de V\u00e1rzea de Abrunhais\" data-src=\"https:\/\/ea.ess-edu.pt\/wp-content\/uploads\/2010\/02\/visao-vabrunhais-300x199.jpg\" alt=\"\" width=\"300\" height=\"199\" data-srcset=\"https:\/\/ea.ess-edu.pt\/wp-content\/uploads\/2010\/02\/visao-vabrunhais-300x199.jpg 300w, https:\/\/ea.ess-edu.pt\/wp-content\/uploads\/2010\/02\/visao-vabrunhais.jpg 619w\" data-sizes=\"(max-width: 300px) 100vw, 300px\" src=\"data:image\/svg+xml;base64,PHN2ZyB3aWR0aD0iMSIgaGVpZ2h0PSIxIiB4bWxucz0iaHR0cDovL3d3dy53My5vcmcvMjAwMC9zdmciPjwvc3ZnPg==\" style=\"--smush-placeholder-width: 300px; --smush-placeholder-aspect-ratio: 300\/199;\" \/><\/a>Uma das escolas mais avan\u00e7adas do mundo \u00e9 portuguesa<\/h4>\n<p>Sabe onde fica V\u00e1rzea de Abrunhais? Se n\u00e3o sabe, devia. Foi nesta freguesia, dos arredores de Lamego, que a Microsoft encontrou uma das melhores escolas, no mundo, a aplicar novas tecnologias na aprendizagem.<\/p>\n<p><span style=\"font-size: xx-small;\">Mario David Campos (texto) e Luc\u00edlia Monteiro (fotos)<\/span><\/p>\n<p><span style=\"font-size: xx-small;\">12:16 Quinta-feira, 11 de Fev de 2010<\/span><\/p>\n<p>&nbsp;<\/p>\n<p>Permita-se a sinopse.<\/p>\n<p><em>&#8220;Terminado o dia de escola, Jo\u00e3o anda com a m\u00e3e no campo a cuidar da horta.<\/em><\/p>\n<p><em>&#8211; Olha Jo\u00e3o! &#8211; diz a sua m\u00e3e. &#8211; Um ninho de melros aqui no ervilhal.<\/em><\/p>\n<p><em>Entusiasmado, o rapaz corre desenfreadamente at\u00e9 casa para ir buscar o Magalh\u00e3es. Liga o pequeno port\u00e1til ainda antes de sair do quarto e desabelha, de novo, em grande velocidade, para junto da m\u00e3e. Pelo caminho, a c\u00e2mara, sempre em sobressalto, filma-lhe o rosto e vai deixando antever peda\u00e7os do sinuoso percurso. Riachos, po\u00e7as de \u00e1gua, algumas pedras, silvas. A arfar, Jo\u00e3o chega, finalmente, \u00e0 planta\u00e7\u00e3o de ervilhas. Com uma das m\u00e3os afasta, cuidadosamente, os p\u00e9s das plantas e mostra o ninho. Perfeito. V\u00eaem-se, at\u00e9, dois pequenos ovos esverdeados. O \u00faltimo plano do filme-mudo \u00e9 o rosto feliz do rapaz, com o bon\u00e9 de pala para o lado.&#8221;<\/em><\/p>\n<p>Se Jo\u00e3o, 9 anos, o realizador desta curta-metragem, tivesse escrito um gui\u00e3o para o seu filme, seria, porventura, algo assim. Nunca o fez, porque tudo foi espont\u00e2neo, sa\u00eddo, em torrente, da sua imagina\u00e7\u00e3o. Nas imagens tamb\u00e9m ficou por revelar o dia seguinte, aquele em que, com o ar mais satisfeito do mundo, entrou na sala e mostrou aos colegas e professores o filme que fizera.<\/p>\n<p>Foi com exemplos como este, de Jo\u00e3o, cujo filme est\u00e1 dispon\u00edvel no YouTube, que a EB1 de V\u00e1rzea de Abrunhais conquistou a aten\u00e7\u00e3o da Microsoft e recebeu, em fins de 2009, um pr\u00e9mio que a coloca entre as escolas tecnologicamente mais inovadoras do mundo. \u00c9, desde ent\u00e3o, a \u00fanica em Portugal e uma das 31 em todo o planeta, seleccionadas para integrar a rede de escolas inovadoras, a n\u00edvel mundial, que passam, a partir de agora, a orientar e apoiar toda a restante comunidade educativa<\/p>\n<p>E afinal, garante a professora Maria do Carmo Leit\u00e3o, principal impulsionadora do projecto, foi tudo t\u00e3o simples. &#8220;No fundo&#8221;, conta, &#8220;apenas tentei tirar partido do software previamente instalado nos Magalh\u00e3es e ver o proveito que eu e os alunos poder\u00edamos tirar dele.&#8221; F\u00e3 das novas tecnologias, apesar de nunca antes ter tido forma\u00e7\u00e3o especial, a docente, de 53 anos, aproveitou as bases do ensino b\u00e1sico mediatizado, a antiga telescola, onde leccionou, para inovar. A melhor prova disso est\u00e1 \u00e0 vista, no blogue da escola (<!-- begin st_tag_a --> <a href=\"https:\/\/blogs.ess-edu.pt\/eb1vabrunhais\" target=\"_blank\" rel=\"noopener\">https:\/\/blogs.ess-edu.pt\/eb1vabrunhais<\/a>&nbsp;<!-- end st_tag_a -->), uma p\u00e1gina virtual em permanente ebuli\u00e7\u00e3o com os trabalhos dos alunos, tamb\u00e9m eles entusiasmados com a descoberta das potencialidades do pequeno Magalh\u00e3es.<\/p>\n<p><!-- end st_tag_p --><!-- begin st_tag_p --><\/p>\n<p><!-- begin st_tag_h2 --><strong>Toca a teclar<\/strong> <!-- end st_tag_h2 --><\/p>\n<p><!-- end st_tag_p --><!-- begin st_tag_p --><\/p>\n<p>Foi, precisamente, com o blogue que a janela da pequena escola de V\u00e1rzea de Abrunhais se abriu ao mundo. E \u00e0 Microsoft. Tudo porque, \u00e0 medida que os alunos faziam trabalhos, a professora ensinava-os a colocarem-nos na p\u00e1gina virtual, para poderem ser apreciados por quem quisesse. Adelaide Franco, da Microsoft Portugal, foi l\u00e1 espreitar e gostou. De tal forma que mandou um e-mail a incentivar a professora e os alunos a continuar. &#8220;Ach\u00e1mos que aquela escola estava a tirar o m\u00e1ximo proveito da tecnologia ao seu dispor&#8221;, lembra Adelaide Franco. &#8220;Era um exemplo de inova\u00e7\u00e3o e criatividade.&#8221;<\/p>\n<p><!-- end st_tag_p --><!-- begin st_tag_p --><\/p>\n<p>Os resultados das novas pr\u00e1ticas n\u00e3o tardaram a sentir-se. O entusiasmo revelado pelas 12 crian\u00e7as, entre os 7 e os 9 anos, depressa alastrou \u00e0s restantes 22, distribu\u00eddas pelas salas dos 3.\u00b0 e 4.\u00b0 anos, e, at\u00e9, ao jardim de inf\u00e2ncia. A diferen\u00e7a de rendimento escolar dos mi\u00fados passou a ser not\u00f3ria, garante Helena Gama, a coordenadora do departamento, tamb\u00e9m ela j\u00e1 &#8220;contagiada&#8221; pelo trabalho desenvolvido por Maria do Carmo Leit\u00e3o.<\/p>\n<p><!-- end st_tag_p --><!-- begin st_tag_p --><\/p>\n<p>Jo\u00e3o, o autor do filme, \u00e9 um bom exemplo. Vinha do pr\u00e9-escolar com aulas de apoio e, actualmente, est\u00e1 ao n\u00edvel dos seus colegas e \u00e9 um dos mais entusiastas das novas tecnologias. Ou Ana Lu\u00edsa, 8 anos, que tamb\u00e9m revelava dificuldades de aprendizagem e, hoje, mexe nas teclas do computador como se fossem extens\u00f5es dos seus dedos. Ana Lu\u00edsa j\u00e1 \u00e9, ali\u00e1s, uma das alunas seleccionadas para, na fase seguinte do projecto, e com o apoio da Direc\u00e7\u00e3o Regional de Educa\u00e7\u00e3o do Norte e da autarquia de Lamego, se deslocar a outras escolas para fazer workshops e ensinar colegas a tirar mais proveito do Magalh\u00e3es.<\/p>\n<p><!-- end st_tag_p --><!-- begin st_tag_p --><\/p>\n<p>A professora Maria do Carmo Leit\u00e3o, essa, passou a ter uma agenda muito mais preenchida. J\u00e1 foi, at\u00e9, convidada de honra da ministra da Educa\u00e7\u00e3o, Isabel Al\u00e7ada, num almo\u00e7o. Antes, estivera presente, com dois dos seus alunos, no 5.\u00ba Congresso dos Professores Inovadores, em Lisboa. Mais tarde, a convite da Microsoft, deslocou-se a S\u00e3o Salvador da Bahia, no Brasil, em representa\u00e7\u00e3o da sua escola, para falar sobre o projecto.<\/p>\n<p><!-- end st_tag_p --><!-- begin st_tag_p --><\/p>\n<p><!-- begin st_tag_h2 --><strong>Auto-estima em alta<\/strong> <!-- end st_tag_h2 --><\/p>\n<p><!-- end st_tag_p --><!-- begin st_tag_p --><\/p>\n<p>Todos est\u00e3o perfeitamente \u00e0 vontade em frente dos pequenos port\u00e1teis, a manejar qualquer um dos programas. Mas \u00e9 na cria\u00e7\u00e3o de photo-stories &#8211; filmes feitos com base em fotografias ou desenhos e narrados pelos alunos, geralmente sonorizados com m\u00fasicas que os pr\u00f3prios criam ou v\u00e3o buscar \u00e0 internet &#8211; que quase todas as crian\u00e7as se sentem como peixes na \u00e1gua. At\u00e9 os mi\u00fados do infant\u00e1rio j\u00e1 s\u00e3o chamados a participar. Alda Fortes, a educadora, recorda a alegria dos pirralhos, &#8220;quando os mais crescidos foram fotografar, pela primeira vez, os desenhos que eles tinham feito e, depois, realizaram um pequeno filme com banda sonora. Adoraram!&#8221;<\/p>\n<p><!-- end st_tag_p --><!-- begin st_tag_p --><\/p>\n<p>Diz Maria do Carmo Leit\u00e3o: &#8220;Sem roubar tempo ao normal decorrer das aulas, o computador ajuda-os a desenvolver a aprendizagem e aumenta-lhes a auto-estima e a confian\u00e7a.&#8221; Beatriz, de 8 anos, ilustra esse quadro. Depois de &#8220;despachar&#8221; a sua photo-story, e enquanto os colegas ainda est\u00e3o a terminar as deles, vai at\u00e9 um dos computadores da sala p\u00f4r a conversa em dia com o tio, que se encontra na Su\u00ed\u00e7a. Atrav\u00e9s do Messenger, sabe novas da sua prima Diana. &#8220;Pelo meu e-mail&#8221;, conta, &#8220;tamb\u00e9m lhe mandei fotografias da fam\u00edlia, que tirei com a m\u00e1quina da minha m\u00e3e.&#8221; A aproxima\u00e7\u00e3o da escola \u00e0 comunidade \u00e9 outro dos feitos do projecto. O pequeno Diogo, por exemplo, resolveu filmar a horta para mostrar ao pai, quando o progenitor regressasse da Su\u00ed\u00e7a. &#8220;Assim, ele podia ver como \u00e9 que cresceram os feij\u00f5es, a ab\u00f3bora, as couves e as cebolas.&#8221; Quando chegou, o pai viu tudo ao vivo &#8211; mas gostou mais do filme.<\/p>\n<p><!-- end st_tag_p --><!-- begin st_tag_p --><\/p>\n<p><!-- begin st_tag_h2 --><strong>Arriscar e ganhar<\/strong> <!-- end st_tag_h2 --><\/p>\n<p><!-- end st_tag_p --><!-- begin st_tag_p --><\/p>\n<p>&#8211; Ao ser inclu\u00edda no programa mundial das escolas tecnologicamente inovadoras, da Microsoft, a EB1 de V\u00e1rzea de Abrunhais vai ter:<\/p>\n<p><!-- end st_tag_p --><!-- begin st_tag_p --><\/p>\n<p>* Acompanhamento regular da multinacional<\/p>\n<p><!-- end st_tag_p --><!-- begin st_tag_p --><\/p>\n<p>* Ac\u00e7\u00f5es de forma\u00e7\u00e3o<\/p>\n<p><!-- end st_tag_p --><!-- begin st_tag_p --><\/p>\n<p>* Disponibiliza\u00e7\u00e3o imediata de todo o software criado pela empresa<\/p>\n<p>&nbsp;<\/p>\n\n<a  data-e-Disable-Page-Transition=\"true\" class=\"download-link download-button aligncenter\" title=\"\" href=\"https:\/\/ea.ess-edu.pt?download=754&amp;tmstv=1777578861\" rel=\"nofollow\" id=\"download-link-754\" data-redirect=\"false\" >\n\tDescarregar &ldquo;Artigo da Vis\u00e3o (vers\u00e3o impressa) - EB1 de V\u00e1rzea de Abrunhais&rdquo;\t<small>9495escolas_nova.pdf\t\t&ndash; Descarregado 794 vezes\t\t&ndash; 218,09 KB<\/small>\n<\/a>\n\n<p>&nbsp;<\/p>\n<p>via <a href=\"https:\/\/visao.pt\/atualidade\/sociedade\/2010-02-11-uma-das-escolas-mais-avancadas-do-mundo-e-portuguesaf547669\/\" target=\"_blank\" rel=\"noopener\">Uma das escolas mais avan\u00e7adas do mundo \u00e9 portuguesa &#8211; Visao.pt<\/a>.<\/p>\n","protected":false},"excerpt":{"rendered":"<p>Uma das escolas mais avan\u00e7adas do mundo \u00e9 portuguesa Sabe onde fica V\u00e1rzea de Abrunhais? Se n\u00e3o sabe, devia. Foi nesta freguesia, dos arredores de Lamego, que a Microsoft encontrou uma das melhores escolas, no mundo, a aplicar novas tecnologias na aprendizagem. Mario David Campos (texto) e Luc\u00edlia Monteiro (fotos) 12:16 Quinta-feira, 11 de Fev [&hellip;]<\/p>\n","protected":false},"author":1,"featured_media":4066,"comment_status":"open","ping_status":"closed","sticky":false,"template":"","format":"standard","meta":{"ngg_post_thumbnail":0,"ocean_post_layout":"","ocean_both_sidebars_style":"","ocean_both_sidebars_content_width":0,"ocean_both_sidebars_sidebars_width":0,"ocean_sidebar":"","ocean_second_sidebar":"","ocean_disable_margins":"enable","ocean_add_body_class":"","ocean_shortcode_before_top_bar":"","ocean_shortcode_after_top_bar":"","ocean_shortcode_before_header":"","ocean_shortcode_after_header":"","ocean_has_shortcode":"","ocean_shortcode_after_title":"","ocean_shortcode_before_footer_widgets":"","ocean_shortcode_after_footer_widgets":"","ocean_shortcode_before_footer_bottom":"","ocean_shortcode_after_footer_bottom":"","ocean_display_top_bar":"default","ocean_display_header":"default","ocean_header_style":"","ocean_center_header_left_menu":"","ocean_custom_header_template":"","ocean_custom_logo":0,"ocean_custom_retina_logo":0,"ocean_custom_logo_max_width":0,"ocean_custom_logo_tablet_max_width":0,"ocean_custom_logo_mobile_max_width":0,"ocean_custom_logo_max_height":0,"ocean_custom_logo_tablet_max_height":0,"ocean_custom_logo_mobile_max_height":0,"ocean_header_custom_menu":"","ocean_menu_typo_font_family":"","ocean_menu_typo_font_subset":"","ocean_menu_typo_font_size":0,"ocean_menu_typo_font_size_tablet":0,"ocean_menu_typo_font_size_mobile":0,"ocean_menu_typo_font_size_unit":"px","ocean_menu_typo_font_weight":"","ocean_menu_typo_font_weight_tablet":"","ocean_menu_typo_font_weight_mobile":"","ocean_menu_typo_transform":"","ocean_menu_typo_transform_tablet":"","ocean_menu_typo_transform_mobile":"","ocean_menu_typo_line_height":0,"ocean_menu_typo_line_height_tablet":0,"ocean_menu_typo_line_height_mobile":0,"ocean_menu_typo_line_height_unit":"","ocean_menu_typo_spacing":0,"ocean_menu_typo_spacing_tablet":0,"ocean_menu_typo_spacing_mobile":0,"ocean_menu_typo_spacing_unit":"","ocean_menu_link_color":"","ocean_menu_link_color_hover":"","ocean_menu_link_color_active":"","ocean_menu_link_background":"","ocean_menu_link_hover_background":"","ocean_menu_link_active_background":"","ocean_menu_social_links_bg":"","ocean_menu_social_hover_links_bg":"","ocean_menu_social_links_color":"","ocean_menu_social_hover_links_color":"","ocean_disable_title":"default","ocean_disable_heading":"default","ocean_post_title":"","ocean_post_subheading":"","ocean_post_title_style":"","ocean_post_title_background_color":"","ocean_post_title_background":0,"ocean_post_title_bg_image_position":"","ocean_post_title_bg_image_attachment":"","ocean_post_title_bg_image_repeat":"","ocean_post_title_bg_image_size":"","ocean_post_title_height":0,"ocean_post_title_bg_overlay":0.5,"ocean_post_title_bg_overlay_color":"","ocean_disable_breadcrumbs":"default","ocean_breadcrumbs_color":"","ocean_breadcrumbs_separator_color":"","ocean_breadcrumbs_links_color":"","ocean_breadcrumbs_links_hover_color":"","ocean_display_footer_widgets":"default","ocean_display_footer_bottom":"default","ocean_custom_footer_template":"","ocean_post_oembed":"","ocean_post_self_hosted_media":"","ocean_post_video_embed":"","ocean_link_format":"","ocean_link_format_target":"self","ocean_quote_format":"","ocean_quote_format_link":"post","ocean_gallery_link_images":"on","ocean_gallery_id":[],"footnotes":""},"categories":[12],"tags":[147,42,50,41],"class_list":["post-603","post","type-post","status-publish","format-standard","has-post-thumbnail","hentry","category-falar-a-serio","tag-eb1-de-varzea-de-abrunhais","tag-escola-inovadora","tag-escolas-tecnologicamente-inovadoras","tag-microsoft","entry","has-media"],"jetpack_featured_media_url":"https:\/\/ea.ess-edu.pt\/wp-content\/uploads\/2010\/02\/JI-EB1-Ferreirim_1690x940.png","_links":{"self":[{"href":"https:\/\/ea.ess-edu.pt\/index.php?rest_route=\/wp\/v2\/posts\/603","targetHints":{"allow":["GET"]}}],"collection":[{"href":"https:\/\/ea.ess-edu.pt\/index.php?rest_route=\/wp\/v2\/posts"}],"about":[{"href":"https:\/\/ea.ess-edu.pt\/index.php?rest_route=\/wp\/v2\/types\/post"}],"author":[{"embeddable":true,"href":"https:\/\/ea.ess-edu.pt\/index.php?rest_route=\/wp\/v2\/users\/1"}],"replies":[{"embeddable":true,"href":"https:\/\/ea.ess-edu.pt\/index.php?rest_route=%2Fwp%2Fv2%2Fcomments&post=603"}],"version-history":[{"count":4,"href":"https:\/\/ea.ess-edu.pt\/index.php?rest_route=\/wp\/v2\/posts\/603\/revisions"}],"predecessor-version":[{"id":4067,"href":"https:\/\/ea.ess-edu.pt\/index.php?rest_route=\/wp\/v2\/posts\/603\/revisions\/4067"}],"wp:featuredmedia":[{"embeddable":true,"href":"https:\/\/ea.ess-edu.pt\/index.php?rest_route=\/wp\/v2\/media\/4066"}],"wp:attachment":[{"href":"https:\/\/ea.ess-edu.pt\/index.php?rest_route=%2Fwp%2Fv2%2Fmedia&parent=603"}],"wp:term":[{"taxonomy":"category","embeddable":true,"href":"https:\/\/ea.ess-edu.pt\/index.php?rest_route=%2Fwp%2Fv2%2Fcategories&post=603"},{"taxonomy":"post_tag","embeddable":true,"href":"https:\/\/ea.ess-edu.pt\/index.php?rest_route=%2Fwp%2Fv2%2Ftags&post=603"}],"curies":[{"name":"wp","href":"https:\/\/api.w.org\/{rel}","templated":true}]}}